{"id":809,"date":"2017-06-28T14:03:14","date_gmt":"2017-06-28T12:03:14","guid":{"rendered":"http:\/\/www.desmecht.com\/?p=809"},"modified":"2018-11-13T10:06:34","modified_gmt":"2018-11-13T09:06:34","slug":"elixirsuedois","status":"publish","type":"post","link":"https:\/\/www.desmecht.com\/en\/elixirsuedois\/","title":{"rendered":"Swedisch bitters"},"content":{"rendered":"<p>&#8211;This article is not available in english&#8211;<\/p>\n<p><img loading=\"lazy\" decoding=\"async\" class=\" wp-image-811 alignleft\" src=\"http:\/\/www.desmecht.com\/wp-content\/uploads\/2017\/06\/Maria-Treben.jpg\" alt=\"\" width=\"103\" height=\"137\" \/><strong>L\u2019Elixir su\u00e9dois<\/strong> est un breuvage \u00e0 base de plantes mac\u00e9r\u00e9es dans de l\u2019alcool \u00e0 38\u00b0. Il a \u00e9t\u00e9 remis \u00e0 la mode gr\u00e2ce \u00e0<strong> Maria Treben<\/strong> (1907-1991), herboriste autrichienne et auteure du livre \u00ab\u00a0<em>La sant\u00e9 \u00e0 la pharmacie du Bon Dieu<\/em>\u00a0\u00bb. Elle y raconte qu\u2019apr\u00e8s la guerre, alors qu\u2019elle souffrait du typhus, une femme qu\u2019elle ne connaissait pas lui apporta une fiole remplie d\u2019un liquide odorant avec la copie d\u2019un manuscrit antique o\u00f9, en 46 points, il \u00e9tait montr\u00e9 comment ces herbes gu\u00e9rissaient de nombreuses affections.<\/p>\n<p>Les fameuses \u00ab herbes du Su\u00e9dois \u00bb et le manuscrit antique provenait de la succession d\u2019un m\u00e9decin su\u00e9dois du XVII\u00e8me si\u00e8cle qui mourut accidentellement d\u2019une chute de cheval \u00e0 l\u2019\u00e2ge de 104 ans\u00a0!<\/p>\n<p>Il est <strong>compos\u00e9 de 9 plantes et de camphre, associ\u00e9s \u00e0 la Th\u00e9riaque<\/strong>, elle-m\u00eame constitu\u00e9e de plus de 50 plantes. V\u00e9ritable panac\u00e9e, il stimule les fonctions digestives gr\u00e2ce \u00e0 l\u2019action des plantes am\u00e8res qu\u2019il contient. Le manuscrit antique cit\u00e9 ci-dessus lui conf\u00e9rait n\u00e9anmoins 46 indications.<\/p>\n<p><img loading=\"lazy\" decoding=\"async\" class=\" wp-image-813 alignright\" src=\"http:\/\/www.desmecht.com\/wp-content\/uploads\/2017\/06\/theriaca-284x300.gif\" alt=\"\" width=\"167\" height=\"177\" srcset=\"https:\/\/www.desmecht.com\/wp-content\/uploads\/2017\/06\/theriaca-284x300.gif 284w, https:\/\/www.desmecht.com\/wp-content\/uploads\/2017\/06\/theriaca-416x439.gif 416w\" sizes=\"auto, (max-width: 167px) 100vw, 167px\" \/>La <strong>Th\u00e9riaque<\/strong>\u00a0est un contrepoison h\u00e9rit\u00e9 de l\u2019Antiquit\u00e9, \u00e9poque o\u00f9 l\u2019on passait son temps \u00e0 empoisonner son entourage.\u00a0Pomp\u00e9e aurait ramen\u00e9 le secret du contrepoison \u00e0 Rome, o\u00f9 Andromaque, le m\u00e9decin de N\u00e9ron, s\u2019en inspirera quelques ann\u00e9es plus tard, pour donner naissance \u00e0 cette fameuse Th\u00e9riaque.<br \/>\nLe plus incroyable est que cette Th\u00e9riaque traversera les \u00e2ges, avec quelques modifications et de nombreuses variantes, jusqu\u2019au XIX\u00e8me si\u00e8cle, \u00e9poque \u00e0 laquelle elle finira par \u00eatre retir\u00e9e du Codex Medicamentarius Parisiensis, sorte d\u2019anc\u00eatre du Vidal sur le savoir en pharmacop\u00e9e et antidotes avant l\u2019\u00e8re du m\u00e9dicament de synth\u00e8se.<\/p>\n<p><strong>Et pourquoi Su\u00e9dois?<br \/>\n<\/strong>C&#8217;est Gustav II de Su\u00e8de qui \u00e0 l\u2019occasion de son accession au tr\u00f4ne, chargea son m\u00e9decin, Dr Laurentius Erici, de trouver un moyen de n\u2019\u00eatre jamais ni fatigu\u00e9 ni malade. Le Dr Erici s\u2019inspira donc des diff\u00e9rentes formules alors en circulation, qu\u2019il quantifia et modifia pour cr\u00e9er son propre assemblage. Le roi en fit fabriquer en grandes quantit\u00e9s : il consommait quotidiennement cet \u00e9lixir et en exigeait autant de sa garde. La l\u00e9gende attribue \u00e0 ce breuvage les ressources physiques et morales qui <strong>permirent aux Su\u00e9dois de vaincre successivement les arm\u00e9es polonaises et prussiennes en pr\u00e9ambule \u00e0 la guerre de Trente Ans<\/strong>.<br \/>\nSi les chroniques de l\u2019\u00e9poque rapportent que le roi Gustav et sa garde ne se reposaient jamais plus de quatre heures par nuit et enduraient sans mal les rudes conditions de leurs campagnes militaires, l\u2019\u00e9lixir du Su\u00e9dois ne put pourtant emp\u00eacher qu\u2019il se fasse tuer d\u2019une balle en 1632 au cours d\u2019une ultime bataille en Pologne.<\/p>\n<p><u>Utilisation:<\/u><br \/>\nL&#8217;elixir su\u00e9dois s&#8217;utilise aussi bien en interne (troubles digestifs,&#8230;) qu&#8217;en externe (h\u00e9matome, psoriasis,&#8230;).<\/p>\n<p><iframe id=\"like_button\" src=\"\/\/www.facebook.com\/plugins\/like.php?href=https%3A%2F%2Fwww.desmecht.com&amp;layout=standard&amp;show_faces=false&amp;action=like&amp;colorscheme=light&amp;height=45\"><\/iframe><\/p>","protected":false},"excerpt":{"rendered":"<p>&#8211;This article is not available in english&#8211; L\u2019Elixir su\u00e9dois est un breuvage \u00e0 base de plantes mac\u00e9r\u00e9es dans de l\u2019alcool \u00e0 38\u00b0. Il a \u00e9t\u00e9 remis \u00e0 la mode gr\u00e2ce \u00e0 Maria Treben (1907-1991), herboriste autrichienne et auteure du livre \u00ab\u00a0La sant\u00e9 \u00e0 la pharmacie du Bon Dieu\u00a0\u00bb. Elle y raconte qu\u2019apr\u00e8s la guerre, alors [&hellip;]<\/p>\n","protected":false},"author":1,"featured_media":0,"comment_status":"closed","ping_status":"open","sticky":false,"template":"","format":"standard","meta":{"footnotes":""},"categories":[22],"tags":[],"class_list":["post-809","post","type-post","status-publish","format-standard","hentry","category-info"],"yoast_head":"<!-- This site is optimized with the Yoast SEO plugin v26.9 - https:\/\/yoast.com\/product\/yoast-seo-wordpress\/ -->\n<title>Swedisch bitters - DESMECHT Herbalist in Brussels - Natural solutions<\/title>\n<meta name=\"description\" content=\"Zweeds kruidenbitter of Zweedse kruiden: Historiek en gebruik. Recept van Maria Treben. Kruidenmengsel van 9 planten en kamfer, gecombineerd met Theriak\" \/>\n<meta name=\"robots\" content=\"index, follow, max-snippet:-1, max-image-preview:large, max-video-preview:-1\" \/>\n<link rel=\"canonical\" href=\"https:\/\/www.desmecht.com\/nl\/elixirsuedois\/\" \/>\n<meta property=\"og:locale\" content=\"en_US\" \/>\n<meta property=\"og:type\" content=\"article\" \/>\n<meta property=\"og:title\" content=\"Swedisch bitters - DESMECHT Herbalist in Brussels - Natural solutions\" \/>\n<meta property=\"og:description\" content=\"Zweeds kruidenbitter of Zweedse kruiden: Historiek en gebruik. Recept van Maria Treben. Kruidenmengsel van 9 planten en kamfer, gecombineerd met Theriak\" \/>\n<meta property=\"og:url\" content=\"https:\/\/www.desmecht.com\/nl\/elixirsuedois\/\" \/>\n<meta property=\"og:site_name\" content=\"DESMECHT Herbalist in Brussels - Natural solutions\" \/>\n<meta property=\"article:publisher\" content=\"http:\/\/www.facebook.com\/herbodesmecht\" \/>\n<meta property=\"article:published_time\" content=\"2017-06-28T12:03:14+00:00\" \/>\n<meta property=\"article:modified_time\" content=\"2018-11-13T09:06:34+00:00\" \/>\n<meta property=\"og:image\" content=\"http:\/\/www.desmecht.com\/wp-content\/uploads\/2017\/06\/Maria-Treben.jpg\" \/>\n<meta name=\"author\" content=\"Ellen Desmecht\" \/>\n<meta name=\"twitter:card\" content=\"summary_large_image\" \/>\n<meta name=\"twitter:label1\" content=\"Written by\" \/>\n\t<meta name=\"twitter:data1\" content=\"Ellen Desmecht\" \/>\n\t<meta name=\"twitter:label2\" content=\"Est. reading time\" \/>\n\t<meta name=\"twitter:data2\" content=\"7 minutes\" \/>\n<script type=\"application\/ld+json\" class=\"yoast-schema-graph\">{\"@context\":\"https:\/\/schema.org\",\"@graph\":[{\"@type\":\"Article\",\"@id\":\"https:\/\/www.desmecht.com\/nl\/elixirsuedois\/#article\",\"isPartOf\":{\"@id\":\"https:\/\/www.desmecht.com\/nl\/elixirsuedois\/\"},\"author\":{\"name\":\"Ellen Desmecht\",\"@id\":\"https:\/\/www.desmecht.com\/#\/schema\/person\/e669ed6013a9c4b8f4b90b2310af9d56\"},\"headline\":\"Swedisch bitters\",\"datePublished\":\"2017-06-28T12:03:14+00:00\",\"dateModified\":\"2018-11-13T09:06:34+00:00\",\"mainEntityOfPage\":{\"@id\":\"https:\/\/www.desmecht.com\/nl\/elixirsuedois\/\"},\"wordCount\":1486,\"publisher\":{\"@id\":\"https:\/\/www.desmecht.com\/#organization\"},\"image\":{\"@id\":\"https:\/\/www.desmecht.com\/nl\/elixirsuedois\/#primaryimage\"},\"thumbnailUrl\":\"http:\/\/www.desmecht.com\/wp-content\/uploads\/2017\/06\/Maria-Treben.jpg\",\"articleSection\":[\"Info|News\"],\"inLanguage\":\"en-US\"},{\"@type\":\"WebPage\",\"@id\":\"https:\/\/www.desmecht.com\/nl\/elixirsuedois\/\",\"url\":\"https:\/\/www.desmecht.com\/nl\/elixirsuedois\/\",\"name\":\"Swedisch bitters - DESMECHT Herbalist in Brussels - Natural solutions\",\"isPartOf\":{\"@id\":\"https:\/\/www.desmecht.com\/#website\"},\"primaryImageOfPage\":{\"@id\":\"https:\/\/www.desmecht.com\/nl\/elixirsuedois\/#primaryimage\"},\"image\":{\"@id\":\"https:\/\/www.desmecht.com\/nl\/elixirsuedois\/#primaryimage\"},\"thumbnailUrl\":\"http:\/\/www.desmecht.com\/wp-content\/uploads\/2017\/06\/Maria-Treben.jpg\",\"datePublished\":\"2017-06-28T12:03:14+00:00\",\"dateModified\":\"2018-11-13T09:06:34+00:00\",\"description\":\"Zweeds kruidenbitter of Zweedse kruiden: Historiek en gebruik. Recept van Maria Treben. Kruidenmengsel van 9 planten en kamfer, gecombineerd met Theriak\",\"breadcrumb\":{\"@id\":\"https:\/\/www.desmecht.com\/nl\/elixirsuedois\/#breadcrumb\"},\"inLanguage\":\"en-US\",\"potentialAction\":[{\"@type\":\"ReadAction\",\"target\":[\"https:\/\/www.desmecht.com\/nl\/elixirsuedois\/\"]}]},{\"@type\":\"ImageObject\",\"inLanguage\":\"en-US\",\"@id\":\"https:\/\/www.desmecht.com\/nl\/elixirsuedois\/#primaryimage\",\"url\":\"http:\/\/www.desmecht.com\/wp-content\/uploads\/2017\/06\/Maria-Treben.jpg\",\"contentUrl\":\"http:\/\/www.desmecht.com\/wp-content\/uploads\/2017\/06\/Maria-Treben.jpg\"},{\"@type\":\"BreadcrumbList\",\"@id\":\"https:\/\/www.desmecht.com\/nl\/elixirsuedois\/#breadcrumb\",\"itemListElement\":[{\"@type\":\"ListItem\",\"position\":1,\"name\":\"Home\",\"item\":\"https:\/\/www.desmecht.com\/\"},{\"@type\":\"ListItem\",\"position\":2,\"name\":\"Zweeds kruidenbitter\"}]},{\"@type\":\"WebSite\",\"@id\":\"https:\/\/www.desmecht.com\/#website\",\"url\":\"https:\/\/www.desmecht.com\/\",\"name\":\"DESMECHT Herbalist in Brussels - Natural solutions\",\"description\":\"Natural Solutions\",\"publisher\":{\"@id\":\"https:\/\/www.desmecht.com\/#organization\"},\"potentialAction\":[{\"@type\":\"SearchAction\",\"target\":{\"@type\":\"EntryPoint\",\"urlTemplate\":\"https:\/\/www.desmecht.com\/?s={search_term_string}\"},\"query-input\":{\"@type\":\"PropertyValueSpecification\",\"valueRequired\":true,\"valueName\":\"search_term_string\"}}],\"inLanguage\":\"en-US\"},{\"@type\":\"Organization\",\"@id\":\"https:\/\/www.desmecht.com\/#organization\",\"name\":\"DESMECHT\",\"url\":\"https:\/\/www.desmecht.com\/\",\"logo\":{\"@type\":\"ImageObject\",\"inLanguage\":\"en-US\",\"@id\":\"https:\/\/www.desmecht.com\/#\/schema\/logo\/image\/\",\"url\":\"https:\/\/www.desmecht.com\/wp-content\/uploads\/2018\/11\/Logo-DESMECHT.png\",\"contentUrl\":\"https:\/\/www.desmecht.com\/wp-content\/uploads\/2018\/11\/Logo-DESMECHT.png\",\"width\":400,\"height\":254,\"caption\":\"DESMECHT\"},\"image\":{\"@id\":\"https:\/\/www.desmecht.com\/#\/schema\/logo\/image\/\"},\"sameAs\":[\"http:\/\/www.facebook.com\/herbodesmecht\"]},{\"@type\":\"Person\",\"@id\":\"https:\/\/www.desmecht.com\/#\/schema\/person\/e669ed6013a9c4b8f4b90b2310af9d56\",\"name\":\"Ellen Desmecht\",\"image\":{\"@type\":\"ImageObject\",\"inLanguage\":\"en-US\",\"@id\":\"https:\/\/www.desmecht.com\/#\/schema\/person\/image\/\",\"url\":\"https:\/\/secure.gravatar.com\/avatar\/6595f89c2ad37d19e59bf467a78024fd7b15107917c97bf7c17f28dd595353f4?s=96&d=mm&r=g\",\"contentUrl\":\"https:\/\/secure.gravatar.com\/avatar\/6595f89c2ad37d19e59bf467a78024fd7b15107917c97bf7c17f28dd595353f4?s=96&d=mm&r=g\",\"caption\":\"Ellen Desmecht\"},\"url\":\"https:\/\/www.desmecht.com\/en\/author\/ellen_desmecht\/\"}]}<\/script>\n<!-- \/ Yoast SEO plugin. -->","yoast_head_json":{"title":"Swedisch bitters - DESMECHT Herbalist in Brussels - Natural solutions","description":"Zweeds kruidenbitter of Zweedse kruiden: Historiek en gebruik. Recept van Maria Treben. Kruidenmengsel van 9 planten en kamfer, gecombineerd met Theriak","robots":{"index":"index","follow":"follow","max-snippet":"max-snippet:-1","max-image-preview":"max-image-preview:large","max-video-preview":"max-video-preview:-1"},"canonical":"https:\/\/www.desmecht.com\/nl\/elixirsuedois\/","og_locale":"en_US","og_type":"article","og_title":"Swedisch bitters - DESMECHT Herbalist in Brussels - Natural solutions","og_description":"Zweeds kruidenbitter of Zweedse kruiden: Historiek en gebruik. Recept van Maria Treben. Kruidenmengsel van 9 planten en kamfer, gecombineerd met Theriak","og_url":"https:\/\/www.desmecht.com\/nl\/elixirsuedois\/","og_site_name":"DESMECHT Herbalist in Brussels - Natural solutions","article_publisher":"http:\/\/www.facebook.com\/herbodesmecht","article_published_time":"2017-06-28T12:03:14+00:00","article_modified_time":"2018-11-13T09:06:34+00:00","og_image":[{"url":"http:\/\/www.desmecht.com\/wp-content\/uploads\/2017\/06\/Maria-Treben.jpg","type":"","width":"","height":""}],"author":"Ellen Desmecht","twitter_card":"summary_large_image","twitter_misc":{"Written by":"Ellen Desmecht","Est. reading time":"7 minutes"},"schema":{"@context":"https:\/\/schema.org","@graph":[{"@type":"Article","@id":"https:\/\/www.desmecht.com\/nl\/elixirsuedois\/#article","isPartOf":{"@id":"https:\/\/www.desmecht.com\/nl\/elixirsuedois\/"},"author":{"name":"Ellen Desmecht","@id":"https:\/\/www.desmecht.com\/#\/schema\/person\/e669ed6013a9c4b8f4b90b2310af9d56"},"headline":"Swedisch bitters","datePublished":"2017-06-28T12:03:14+00:00","dateModified":"2018-11-13T09:06:34+00:00","mainEntityOfPage":{"@id":"https:\/\/www.desmecht.com\/nl\/elixirsuedois\/"},"wordCount":1486,"publisher":{"@id":"https:\/\/www.desmecht.com\/#organization"},"image":{"@id":"https:\/\/www.desmecht.com\/nl\/elixirsuedois\/#primaryimage"},"thumbnailUrl":"http:\/\/www.desmecht.com\/wp-content\/uploads\/2017\/06\/Maria-Treben.jpg","articleSection":["Info|News"],"inLanguage":"en-US"},{"@type":"WebPage","@id":"https:\/\/www.desmecht.com\/nl\/elixirsuedois\/","url":"https:\/\/www.desmecht.com\/nl\/elixirsuedois\/","name":"Swedisch bitters - DESMECHT Herbalist in Brussels - Natural solutions","isPartOf":{"@id":"https:\/\/www.desmecht.com\/#website"},"primaryImageOfPage":{"@id":"https:\/\/www.desmecht.com\/nl\/elixirsuedois\/#primaryimage"},"image":{"@id":"https:\/\/www.desmecht.com\/nl\/elixirsuedois\/#primaryimage"},"thumbnailUrl":"http:\/\/www.desmecht.com\/wp-content\/uploads\/2017\/06\/Maria-Treben.jpg","datePublished":"2017-06-28T12:03:14+00:00","dateModified":"2018-11-13T09:06:34+00:00","description":"Zweeds kruidenbitter of Zweedse kruiden: Historiek en gebruik. Recept van Maria Treben. Kruidenmengsel van 9 planten en kamfer, gecombineerd met Theriak","breadcrumb":{"@id":"https:\/\/www.desmecht.com\/nl\/elixirsuedois\/#breadcrumb"},"inLanguage":"en-US","potentialAction":[{"@type":"ReadAction","target":["https:\/\/www.desmecht.com\/nl\/elixirsuedois\/"]}]},{"@type":"ImageObject","inLanguage":"en-US","@id":"https:\/\/www.desmecht.com\/nl\/elixirsuedois\/#primaryimage","url":"http:\/\/www.desmecht.com\/wp-content\/uploads\/2017\/06\/Maria-Treben.jpg","contentUrl":"http:\/\/www.desmecht.com\/wp-content\/uploads\/2017\/06\/Maria-Treben.jpg"},{"@type":"BreadcrumbList","@id":"https:\/\/www.desmecht.com\/nl\/elixirsuedois\/#breadcrumb","itemListElement":[{"@type":"ListItem","position":1,"name":"Home","item":"https:\/\/www.desmecht.com\/"},{"@type":"ListItem","position":2,"name":"Zweeds kruidenbitter"}]},{"@type":"WebSite","@id":"https:\/\/www.desmecht.com\/#website","url":"https:\/\/www.desmecht.com\/","name":"DESMECHT Herbalist in Brussels - Natural solutions","description":"Natural Solutions","publisher":{"@id":"https:\/\/www.desmecht.com\/#organization"},"potentialAction":[{"@type":"SearchAction","target":{"@type":"EntryPoint","urlTemplate":"https:\/\/www.desmecht.com\/?s={search_term_string}"},"query-input":{"@type":"PropertyValueSpecification","valueRequired":true,"valueName":"search_term_string"}}],"inLanguage":"en-US"},{"@type":"Organization","@id":"https:\/\/www.desmecht.com\/#organization","name":"DESMECHT","url":"https:\/\/www.desmecht.com\/","logo":{"@type":"ImageObject","inLanguage":"en-US","@id":"https:\/\/www.desmecht.com\/#\/schema\/logo\/image\/","url":"https:\/\/www.desmecht.com\/wp-content\/uploads\/2018\/11\/Logo-DESMECHT.png","contentUrl":"https:\/\/www.desmecht.com\/wp-content\/uploads\/2018\/11\/Logo-DESMECHT.png","width":400,"height":254,"caption":"DESMECHT"},"image":{"@id":"https:\/\/www.desmecht.com\/#\/schema\/logo\/image\/"},"sameAs":["http:\/\/www.facebook.com\/herbodesmecht"]},{"@type":"Person","@id":"https:\/\/www.desmecht.com\/#\/schema\/person\/e669ed6013a9c4b8f4b90b2310af9d56","name":"Ellen Desmecht","image":{"@type":"ImageObject","inLanguage":"en-US","@id":"https:\/\/www.desmecht.com\/#\/schema\/person\/image\/","url":"https:\/\/secure.gravatar.com\/avatar\/6595f89c2ad37d19e59bf467a78024fd7b15107917c97bf7c17f28dd595353f4?s=96&d=mm&r=g","contentUrl":"https:\/\/secure.gravatar.com\/avatar\/6595f89c2ad37d19e59bf467a78024fd7b15107917c97bf7c17f28dd595353f4?s=96&d=mm&r=g","caption":"Ellen Desmecht"},"url":"https:\/\/www.desmecht.com\/en\/author\/ellen_desmecht\/"}]}},"_links":{"self":[{"href":"https:\/\/www.desmecht.com\/en\/wp-json\/wp\/v2\/posts\/809","targetHints":{"allow":["GET"]}}],"collection":[{"href":"https:\/\/www.desmecht.com\/en\/wp-json\/wp\/v2\/posts"}],"about":[{"href":"https:\/\/www.desmecht.com\/en\/wp-json\/wp\/v2\/types\/post"}],"author":[{"embeddable":true,"href":"https:\/\/www.desmecht.com\/en\/wp-json\/wp\/v2\/users\/1"}],"replies":[{"embeddable":true,"href":"https:\/\/www.desmecht.com\/en\/wp-json\/wp\/v2\/comments?post=809"}],"version-history":[{"count":0,"href":"https:\/\/www.desmecht.com\/en\/wp-json\/wp\/v2\/posts\/809\/revisions"}],"wp:attachment":[{"href":"https:\/\/www.desmecht.com\/en\/wp-json\/wp\/v2\/media?parent=809"}],"wp:term":[{"taxonomy":"category","embeddable":true,"href":"https:\/\/www.desmecht.com\/en\/wp-json\/wp\/v2\/categories?post=809"},{"taxonomy":"post_tag","embeddable":true,"href":"https:\/\/www.desmecht.com\/en\/wp-json\/wp\/v2\/tags?post=809"}],"curies":[{"name":"wp","href":"https:\/\/api.w.org\/{rel}","templated":true}]}}